{"id":3950,"date":"2014-06-20T17:30:18","date_gmt":"2014-06-20T17:30:18","guid":{"rendered":"http:\/\/www.tiberi.es\/2014\/06\/20\/gran-exito-del-evento-de-inauguracion-de-la-tienda-de-tiberi-catering-en-port-dandratx-2\/"},"modified":"2023-04-27T16:00:01","modified_gmt":"2023-04-27T16:00:01","slug":"erfolgreiche-eroffnung-des-geschafts-tiberi-catering-am-andratx-hafen","status":"publish","type":"post","link":"https:\/\/www.tiberi.es\/de\/2014\/06\/20\/erfolgreiche-eroffnung-des-geschafts-tiberi-catering-am-andratx-hafen\/","title":{"rendered":"Erfolgreiche Er\u00f6ffnung des Gesch\u00e4fts Tiberi Catering am Andratx Hafen"},"content":{"rendered":"<section class=\"l-section wpb_row height_medium\"><div class=\"l-section-h i-cf\"><div class=\"g-cols vc_row via_flex valign_top type_default stacking_default\"><div class=\"vc_col-sm-12 wpb_column vc_column_container\"><div class=\"vc_column-inner\"><div class=\"wpb_wrapper\"><div class=\"wpb_text_column\"><div class=\"wpb_wrapper\"><p>Letzten Dienstag fand die Er\u00f6ffnung neuer Niederlassung von Tiberi Catering am Hafen Andratx  statt. Es befindet sich im Lokal 2 im Einkaufszentrum Les Veles (Tfn: 971 67 22 78).<\/p>\n<p>Die Veranstaltung war erfolgreich in allen Sinnen: Teilnahme, Catering, Ambiente&#8230; Die zahlreiche G\u00e4ste geno\u00dfen die kulinarischen K\u00f6stlichkeiten von Tiberi Catering, sowie den guten Wein, Sekt und Bier von Son Pode.<\/p>\n<\/div><\/div><div class=\"w-grid type_s layout_gallery_default hidden cols_6 preload_style_spinner\" id=\"us_grid_1\" style=\"--columns:6;\" data-filterable=\"true\"><style>@media (max-width:767px){#us_grid_1{--columns:4!important}}@media (max-width:479px){#us_grid_1{--columns:2!important}}.layout_gallery_default .w-grid-item-h{}<\/style><div class=\"w-grid-list\"><\/div><div class=\"w-grid-preloader\">\t<div class=\"g-preloader type_1\">\r\n\t\t<div><\/div>\r\n\t<\/div>\r\n\t<\/div>\t<div class=\"w-grid-json hidden\" onclick='return {&quot;action&quot;:&quot;us_ajax_grid&quot;,&quot;infinite_scroll&quot;:0,&quot;max_num_pages&quot;:0,&quot;pagination&quot;:&quot;none&quot;,&quot;template_vars&quot;:{&quot;columns&quot;:&quot;6&quot;,&quot;exclude_items&quot;:&quot;none&quot;,&quot;img_size&quot;:&quot;us_350_350_crop&quot;,&quot;ignore_items_size&quot;:0,&quot;items_layout&quot;:&quot;gallery_default&quot;,&quot;items_offset&quot;:&quot;1&quot;,&quot;load_animation&quot;:&quot;none&quot;,&quot;overriding_link&quot;:&quot;%7B%22type%22%3A%22popup_image%22%7D&quot;,&quot;post_id&quot;:0,&quot;query_args&quot;:{&quot;post_type&quot;:[&quot;attachment&quot;],&quot;post__in&quot;:[&quot;3825&quot;,&quot;3816&quot;,&quot;3822&quot;,&quot;3818&quot;,&quot;3819&quot;,&quot;3820&quot;,&quot;3821&quot;,&quot;3823&quot;,&quot;3824&quot;,&quot;3826&quot;,&quot;3817&quot;,&quot;3828&quot;],&quot;post_status&quot;:&quot;inherit&quot;,&quot;post_mime_type&quot;:&quot;image&quot;,&quot;posts_per_page&quot;:999},&quot;orderby_query_args&quot;:{&quot;orderby&quot;:{&quot;post__in&quot;:&quot;ASC&quot;},&quot;order&quot;:&quot;ASC&quot;},&quot;type&quot;:&quot;s&quot;,&quot;us_grid_post_type&quot;:&quot;attachment&quot;,&quot;us_grid_ajax_index&quot;:1,&quot;us_grid_filter_query_string&quot;:null,&quot;us_grid_index&quot;:1,&quot;page_args&quot;:[],&quot;lang&quot;:&quot;de&quot;}}'><\/div>\r\n\t<\/div><div class=\"w-grid-none type_message\">Es wurden keine Ergebnisse gefunden.<\/div><\/div><\/div><\/div><\/div><\/div><\/section>\n","protected":false},"excerpt":{"rendered":"Letzten Dienstag fand die Er\u00f6ffnung neuer Niederlassung von Tiberi Catering am Hafen Andratx statt. Es befindet sich im Lokal 2 im Einkaufszentrum Les Veles (Tfn: 971 67 22 78). Die Veranstaltung war erfolgreich in allen Sinnen: Teilnahme, Catering, Ambiente&#8230; Die zahlreiche G\u00e4ste geno\u00dfen die kulinarischen K\u00f6stlichkeiten von Tiberi Catering, sowie den guten Wein, Sekt und...","protected":false},"author":1,"featured_media":3818,"comment_status":"closed","ping_status":"closed","sticky":false,"template":"","format":"standard","meta":{"footnotes":""},"categories":[38],"tags":[],"class_list":["post-3950","post","type-post","status-publish","format-standard","has-post-thumbnail","hentry","category-sin-categoria-de"],"_links":{"self":[{"href":"https:\/\/www.tiberi.es\/de\/wp-json\/wp\/v2\/posts\/3950","targetHints":{"allow":["GET"]}}],"collection":[{"href":"https:\/\/www.tiberi.es\/de\/wp-json\/wp\/v2\/posts"}],"about":[{"href":"https:\/\/www.tiberi.es\/de\/wp-json\/wp\/v2\/types\/post"}],"author":[{"embeddable":true,"href":"https:\/\/www.tiberi.es\/de\/wp-json\/wp\/v2\/users\/1"}],"replies":[{"embeddable":true,"href":"https:\/\/www.tiberi.es\/de\/wp-json\/wp\/v2\/comments?post=3950"}],"version-history":[{"count":3,"href":"https:\/\/www.tiberi.es\/de\/wp-json\/wp\/v2\/posts\/3950\/revisions"}],"predecessor-version":[{"id":8651,"href":"https:\/\/www.tiberi.es\/de\/wp-json\/wp\/v2\/posts\/3950\/revisions\/8651"}],"wp:featuredmedia":[{"embeddable":true,"href":"https:\/\/www.tiberi.es\/de\/wp-json\/wp\/v2\/media\/3818"}],"wp:attachment":[{"href":"https:\/\/www.tiberi.es\/de\/wp-json\/wp\/v2\/media?parent=3950"}],"wp:term":[{"taxonomy":"category","embeddable":true,"href":"https:\/\/www.tiberi.es\/de\/wp-json\/wp\/v2\/categories?post=3950"},{"taxonomy":"post_tag","embeddable":true,"href":"https:\/\/www.tiberi.es\/de\/wp-json\/wp\/v2\/tags?post=3950"}],"curies":[{"name":"wp","href":"https:\/\/api.w.org\/{rel}","templated":true}]}}