{"id":6560,"date":"2016-09-19T19:19:55","date_gmt":"2016-09-19T19:19:55","guid":{"rendered":"http:\/\/www.tiberi.es\/2016\/09\/19\/show-cooking-empresas-de-aeronautica-palma-mallorca-2\/"},"modified":"2016-09-19T19:36:45","modified_gmt":"2016-09-19T19:36:45","slug":"show-cooking-wahrend-der-luftfahrt-aussstellung-in-palma-de-mallorca","status":"publish","type":"post","link":"https:\/\/www.tiberi.es\/de\/2016\/09\/19\/show-cooking-wahrend-der-luftfahrt-aussstellung-in-palma-de-mallorca\/","title":{"rendered":"Show cooking w\u00e4hrend der Luftfahrt-Aussstellung in Palma de Mallorca"},"content":{"rendered":"<p>Am 6. Mai hat Tiberi Catering ein live show cooking im Luftst\u00fctztpunkt Son Sant Joan w\u00e4hrend der Luftfahrt-Austellung im Rahmen der EURAC-Konferenz  veranstaltet. In dieser Ausstellung waren Kampfjets, Transportflugzeuge und medizinisches Equipment f\u00fcr Notf\u00e4lle zu sehen.<\/p>\n<p><strong>Das Tiberi Catering Produkt<\/strong><\/p>\n<p>Das Men\u00fc bestand aus traditionellen Speisen und Gourmet-Speisen vorbereitet mit  einheimischen Produkten, um den G\u00e4sten aus ganz Europa die mallorquinische K\u00fcche vorzustellen.<\/p>\n<p><strong>Was ist EURAC<\/strong><\/p>\n<p>EURAC ist eine 1993 gegr\u00fcndete, zweij\u00e4hrliche Konferenz. Das Forum basiert auf internationaler Beziehung und versucht die Zusammenarbeit und Verst\u00e4ndigung zwischen den Teilnehmerl\u00e4ndern zu verbessern, es f\u00f6rdert somit die gemeinsame Vision einer Europ\u00e4ischen Verteidigung.<\/p>\n<p><img loading=\"lazy\" decoding=\"async\" class=\"aligncenter size-large wp-image-6535\" src=\"http:\/\/www.tiberi.es\/wp-content\/uploads\/2016\/09\/show-cooking-empresas-de-aeronautica-palma-mallorca-1-1024x683.jpg\" alt=\"show-cooking-empresas-de-aeronautica-palma-mallorca-1\" width=\"1024\" height=\"683\" srcset=\"https:\/\/www.tiberi.es\/wp-content\/uploads\/2016\/09\/show-cooking-empresas-de-aeronautica-palma-mallorca-1-1024x683.jpg 1024w, https:\/\/www.tiberi.es\/wp-content\/uploads\/2016\/09\/show-cooking-empresas-de-aeronautica-palma-mallorca-1-300x200.jpg 300w, https:\/\/www.tiberi.es\/wp-content\/uploads\/2016\/09\/show-cooking-empresas-de-aeronautica-palma-mallorca-1-90x60.jpg 90w, https:\/\/www.tiberi.es\/wp-content\/uploads\/2016\/09\/show-cooking-empresas-de-aeronautica-palma-mallorca-1-450x300.jpg 450w, https:\/\/www.tiberi.es\/wp-content\/uploads\/2016\/09\/show-cooking-empresas-de-aeronautica-palma-mallorca-1-960x640.jpg 960w, https:\/\/www.tiberi.es\/wp-content\/uploads\/2016\/09\/show-cooking-empresas-de-aeronautica-palma-mallorca-1-600x400.jpg 600w, https:\/\/www.tiberi.es\/wp-content\/uploads\/2016\/09\/show-cooking-empresas-de-aeronautica-palma-mallorca-1-150x100.jpg 150w, https:\/\/www.tiberi.es\/wp-content\/uploads\/2016\/09\/show-cooking-empresas-de-aeronautica-palma-mallorca-1.jpg 1920w\" sizes=\"auto, (max-width: 1024px) 100vw, 1024px\" \/><\/p>\n<p><img loading=\"lazy\" decoding=\"async\" class=\"aligncenter size-large wp-image-6538\" src=\"http:\/\/www.tiberi.es\/wp-content\/uploads\/2016\/09\/show-cooking-empresas-de-aeronautica-palma-mallorca-2-1024x683.jpg\" alt=\"show-cooking-empresas-de-aeronautica-palma-mallorca-2\" width=\"1024\" height=\"683\" srcset=\"https:\/\/www.tiberi.es\/wp-content\/uploads\/2016\/09\/show-cooking-empresas-de-aeronautica-palma-mallorca-2-1024x683.jpg 1024w, https:\/\/www.tiberi.es\/wp-content\/uploads\/2016\/09\/show-cooking-empresas-de-aeronautica-palma-mallorca-2-300x200.jpg 300w, https:\/\/www.tiberi.es\/wp-content\/uploads\/2016\/09\/show-cooking-empresas-de-aeronautica-palma-mallorca-2-90x60.jpg 90w, https:\/\/www.tiberi.es\/wp-content\/uploads\/2016\/09\/show-cooking-empresas-de-aeronautica-palma-mallorca-2-450x300.jpg 450w, https:\/\/www.tiberi.es\/wp-content\/uploads\/2016\/09\/show-cooking-empresas-de-aeronautica-palma-mallorca-2-960x640.jpg 960w, https:\/\/www.tiberi.es\/wp-content\/uploads\/2016\/09\/show-cooking-empresas-de-aeronautica-palma-mallorca-2-600x400.jpg 600w, https:\/\/www.tiberi.es\/wp-content\/uploads\/2016\/09\/show-cooking-empresas-de-aeronautica-palma-mallorca-2-150x100.jpg 150w, https:\/\/www.tiberi.es\/wp-content\/uploads\/2016\/09\/show-cooking-empresas-de-aeronautica-palma-mallorca-2.jpg 1920w\" sizes=\"auto, (max-width: 1024px) 100vw, 1024px\" \/><\/p>\n<p><img loading=\"lazy\" decoding=\"async\" class=\"aligncenter size-large wp-image-6541\" src=\"http:\/\/www.tiberi.es\/wp-content\/uploads\/2016\/09\/show-cooking-empresas-de-aeronautica-palma-mallorca-3-1024x683.jpg\" alt=\"show-cooking-empresas-de-aeronautica-palma-mallorca-3\" width=\"1024\" height=\"683\" srcset=\"https:\/\/www.tiberi.es\/wp-content\/uploads\/2016\/09\/show-cooking-empresas-de-aeronautica-palma-mallorca-3-1024x683.jpg 1024w, https:\/\/www.tiberi.es\/wp-content\/uploads\/2016\/09\/show-cooking-empresas-de-aeronautica-palma-mallorca-3-300x200.jpg 300w, https:\/\/www.tiberi.es\/wp-content\/uploads\/2016\/09\/show-cooking-empresas-de-aeronautica-palma-mallorca-3-90x60.jpg 90w, https:\/\/www.tiberi.es\/wp-content\/uploads\/2016\/09\/show-cooking-empresas-de-aeronautica-palma-mallorca-3-450x300.jpg 450w, https:\/\/www.tiberi.es\/wp-content\/uploads\/2016\/09\/show-cooking-empresas-de-aeronautica-palma-mallorca-3-960x640.jpg 960w, https:\/\/www.tiberi.es\/wp-content\/uploads\/2016\/09\/show-cooking-empresas-de-aeronautica-palma-mallorca-3-600x400.jpg 600w, https:\/\/www.tiberi.es\/wp-content\/uploads\/2016\/09\/show-cooking-empresas-de-aeronautica-palma-mallorca-3-150x100.jpg 150w, https:\/\/www.tiberi.es\/wp-content\/uploads\/2016\/09\/show-cooking-empresas-de-aeronautica-palma-mallorca-3.jpg 1920w\" sizes=\"auto, (max-width: 1024px) 100vw, 1024px\" \/><\/p>\n<p><img loading=\"lazy\" decoding=\"async\" class=\"aligncenter size-large wp-image-6544\" src=\"http:\/\/www.tiberi.es\/wp-content\/uploads\/2016\/09\/show-cooking-empresas-de-aeronautica-palma-mallorca-4-1024x683.jpg\" alt=\"show-cooking-empresas-de-aeronautica-palma-mallorca-4\" width=\"1024\" height=\"683\" srcset=\"https:\/\/www.tiberi.es\/wp-content\/uploads\/2016\/09\/show-cooking-empresas-de-aeronautica-palma-mallorca-4-1024x683.jpg 1024w, https:\/\/www.tiberi.es\/wp-content\/uploads\/2016\/09\/show-cooking-empresas-de-aeronautica-palma-mallorca-4-300x200.jpg 300w, https:\/\/www.tiberi.es\/wp-content\/uploads\/2016\/09\/show-cooking-empresas-de-aeronautica-palma-mallorca-4-90x60.jpg 90w, https:\/\/www.tiberi.es\/wp-content\/uploads\/2016\/09\/show-cooking-empresas-de-aeronautica-palma-mallorca-4-450x300.jpg 450w, https:\/\/www.tiberi.es\/wp-content\/uploads\/2016\/09\/show-cooking-empresas-de-aeronautica-palma-mallorca-4-960x640.jpg 960w, https:\/\/www.tiberi.es\/wp-content\/uploads\/2016\/09\/show-cooking-empresas-de-aeronautica-palma-mallorca-4-600x400.jpg 600w, https:\/\/www.tiberi.es\/wp-content\/uploads\/2016\/09\/show-cooking-empresas-de-aeronautica-palma-mallorca-4-150x100.jpg 150w, https:\/\/www.tiberi.es\/wp-content\/uploads\/2016\/09\/show-cooking-empresas-de-aeronautica-palma-mallorca-4.jpg 1920w\" sizes=\"auto, (max-width: 1024px) 100vw, 1024px\" \/><\/p>\n<p><img loading=\"lazy\" decoding=\"async\" class=\"aligncenter size-large wp-image-6547\" src=\"http:\/\/www.tiberi.es\/wp-content\/uploads\/2016\/09\/show-cooking-empresas-de-aeronautica-palma-mallorca-5-1024x683.jpg\" alt=\"show-cooking-empresas-de-aeronautica-palma-mallorca-5\" width=\"1024\" height=\"683\" srcset=\"https:\/\/www.tiberi.es\/wp-content\/uploads\/2016\/09\/show-cooking-empresas-de-aeronautica-palma-mallorca-5-1024x683.jpg 1024w, https:\/\/www.tiberi.es\/wp-content\/uploads\/2016\/09\/show-cooking-empresas-de-aeronautica-palma-mallorca-5-300x200.jpg 300w, https:\/\/www.tiberi.es\/wp-content\/uploads\/2016\/09\/show-cooking-empresas-de-aeronautica-palma-mallorca-5-90x60.jpg 90w, https:\/\/www.tiberi.es\/wp-content\/uploads\/2016\/09\/show-cooking-empresas-de-aeronautica-palma-mallorca-5-450x300.jpg 450w, https:\/\/www.tiberi.es\/wp-content\/uploads\/2016\/09\/show-cooking-empresas-de-aeronautica-palma-mallorca-5-960x640.jpg 960w, https:\/\/www.tiberi.es\/wp-content\/uploads\/2016\/09\/show-cooking-empresas-de-aeronautica-palma-mallorca-5-600x400.jpg 600w, https:\/\/www.tiberi.es\/wp-content\/uploads\/2016\/09\/show-cooking-empresas-de-aeronautica-palma-mallorca-5-150x100.jpg 150w, https:\/\/www.tiberi.es\/wp-content\/uploads\/2016\/09\/show-cooking-empresas-de-aeronautica-palma-mallorca-5.jpg 1920w\" sizes=\"auto, (max-width: 1024px) 100vw, 1024px\" \/><\/p>\n<p><img loading=\"lazy\" decoding=\"async\" class=\"aligncenter size-large wp-image-6553\" src=\"http:\/\/www.tiberi.es\/wp-content\/uploads\/2016\/09\/show-cooking-empresas-de-aeronautica-palma-mallorca-7-1024x683.jpg\" alt=\"show-cooking-empresas-de-aeronautica-palma-mallorca-7\" width=\"1024\" height=\"683\" srcset=\"https:\/\/www.tiberi.es\/wp-content\/uploads\/2016\/09\/show-cooking-empresas-de-aeronautica-palma-mallorca-7-1024x683.jpg 1024w, https:\/\/www.tiberi.es\/wp-content\/uploads\/2016\/09\/show-cooking-empresas-de-aeronautica-palma-mallorca-7-300x200.jpg 300w, https:\/\/www.tiberi.es\/wp-content\/uploads\/2016\/09\/show-cooking-empresas-de-aeronautica-palma-mallorca-7-90x60.jpg 90w, https:\/\/www.tiberi.es\/wp-content\/uploads\/2016\/09\/show-cooking-empresas-de-aeronautica-palma-mallorca-7-450x300.jpg 450w, https:\/\/www.tiberi.es\/wp-content\/uploads\/2016\/09\/show-cooking-empresas-de-aeronautica-palma-mallorca-7-960x640.jpg 960w, https:\/\/www.tiberi.es\/wp-content\/uploads\/2016\/09\/show-cooking-empresas-de-aeronautica-palma-mallorca-7-600x400.jpg 600w, https:\/\/www.tiberi.es\/wp-content\/uploads\/2016\/09\/show-cooking-empresas-de-aeronautica-palma-mallorca-7-150x100.jpg 150w, https:\/\/www.tiberi.es\/wp-content\/uploads\/2016\/09\/show-cooking-empresas-de-aeronautica-palma-mallorca-7.jpg 1920w\" sizes=\"auto, (max-width: 1024px) 100vw, 1024px\" \/><\/p>\n","protected":false},"excerpt":{"rendered":"<p>Am 6. Mai hat Tiberi Catering ein live show cooking im Luftst\u00fctztpunkt Son Sant Joan w\u00e4hrend der Luftfahrt-Austellung im Rahmen der EURAC-Konferenz veranstaltet. In dieser Ausstellung waren Kampfjets, Transportflugzeuge und medizinisches Equipment f\u00fcr Notf\u00e4lle zu sehen. Das Tiberi Catering Produkt Das Men\u00fc bestand aus traditionellen Speisen und Gourmet-Speisen vorbereitet mit einheimischen Produkten, um den G\u00e4sten&#8230;<\/p>\n","protected":false},"author":1,"featured_media":6549,"comment_status":"closed","ping_status":"closed","sticky":false,"template":"","format":"standard","meta":{"footnotes":""},"categories":[38],"tags":[],"class_list":["post-6560","post","type-post","status-publish","format-standard","has-post-thumbnail","hentry","category-sin-categoria-de"],"_links":{"self":[{"href":"https:\/\/www.tiberi.es\/de\/wp-json\/wp\/v2\/posts\/6560","targetHints":{"allow":["GET"]}}],"collection":[{"href":"https:\/\/www.tiberi.es\/de\/wp-json\/wp\/v2\/posts"}],"about":[{"href":"https:\/\/www.tiberi.es\/de\/wp-json\/wp\/v2\/types\/post"}],"author":[{"embeddable":true,"href":"https:\/\/www.tiberi.es\/de\/wp-json\/wp\/v2\/users\/1"}],"replies":[{"embeddable":true,"href":"https:\/\/www.tiberi.es\/de\/wp-json\/wp\/v2\/comments?post=6560"}],"version-history":[{"count":2,"href":"https:\/\/www.tiberi.es\/de\/wp-json\/wp\/v2\/posts\/6560\/revisions"}],"predecessor-version":[{"id":6564,"href":"https:\/\/www.tiberi.es\/de\/wp-json\/wp\/v2\/posts\/6560\/revisions\/6564"}],"wp:featuredmedia":[{"embeddable":true,"href":"https:\/\/www.tiberi.es\/de\/wp-json\/wp\/v2\/media\/6549"}],"wp:attachment":[{"href":"https:\/\/www.tiberi.es\/de\/wp-json\/wp\/v2\/media?parent=6560"}],"wp:term":[{"taxonomy":"category","embeddable":true,"href":"https:\/\/www.tiberi.es\/de\/wp-json\/wp\/v2\/categories?post=6560"},{"taxonomy":"post_tag","embeddable":true,"href":"https:\/\/www.tiberi.es\/de\/wp-json\/wp\/v2\/tags?post=6560"}],"curies":[{"name":"wp","href":"https:\/\/api.w.org\/{rel}","templated":true}]}}